{"id":4449,"date":"2018-06-06T09:01:13","date_gmt":"2018-06-06T09:01:13","guid":{"rendered":"http:\/\/buicil.ch\/avant-apres-de-prenom\/"},"modified":"2018-12-17T15:13:22","modified_gmt":"2018-12-17T14:13:22","slug":"avant-apres-de-lola","status":"publish","type":"post","link":"https:\/\/buicil.ch\/en\/avant-apres-de-lola\/","title":{"rendered":"Lola before \/ after video"},"content":{"rendered":"<p>Lola had her eyebrows over plucked and too thin.  Their shape didn\u2019t highlight her face.<br \/>\nFollowing a personalized consultation, we redefined the shape of her eyebrows with microblading, a semi-permanent makeup method. With this technique, the eyebrow is redesigned hair by hair, for an effective and natural result.<\/p>\n","protected":false},"excerpt":{"rendered":"<p>Lola avait des sourcils trop fins et trop \u00e9pil\u00e9s. Leur forme ne mettait pas en valeur son visage.<br \/>\nApr\u00e8s une consultation personnalis\u00e9e, nous avons red\u00e9fini la forme de ses sourcils gr\u00e2ce au microblading\u00a0: \u00a0une m\u00e9thode de maquillage semi permanent.<br \/>\nAvec cette technique, le sourcil est redessin\u00e9 poil par poil, pour un r\u00e9sultat efficace et naturel.<\/p>\n","protected":false},"author":2,"featured_media":4820,"comment_status":"open","ping_status":"open","sticky":false,"template":"","format":"video","meta":{"footnotes":""},"categories":[117,118],"tags":[],"class_list":["post-4449","post","type-post","status-publish","format-video","has-post-thumbnail","hentry","category-articles-en","category-before-after-en","post_format-post-format-video"],"_links":{"self":[{"href":"https:\/\/buicil.ch\/en\/wp-json\/wp\/v2\/posts\/4449","targetHints":{"allow":["GET"]}}],"collection":[{"href":"https:\/\/buicil.ch\/en\/wp-json\/wp\/v2\/posts"}],"about":[{"href":"https:\/\/buicil.ch\/en\/wp-json\/wp\/v2\/types\/post"}],"author":[{"embeddable":true,"href":"https:\/\/buicil.ch\/en\/wp-json\/wp\/v2\/users\/2"}],"replies":[{"embeddable":true,"href":"https:\/\/buicil.ch\/en\/wp-json\/wp\/v2\/comments?post=4449"}],"version-history":[{"count":4,"href":"https:\/\/buicil.ch\/en\/wp-json\/wp\/v2\/posts\/4449\/revisions"}],"predecessor-version":[{"id":4860,"href":"https:\/\/buicil.ch\/en\/wp-json\/wp\/v2\/posts\/4449\/revisions\/4860"}],"wp:featuredmedia":[{"embeddable":true,"href":"https:\/\/buicil.ch\/en\/wp-json\/wp\/v2\/media\/4820"}],"wp:attachment":[{"href":"https:\/\/buicil.ch\/en\/wp-json\/wp\/v2\/media?parent=4449"}],"wp:term":[{"taxonomy":"category","embeddable":true,"href":"https:\/\/buicil.ch\/en\/wp-json\/wp\/v2\/categories?post=4449"},{"taxonomy":"post_tag","embeddable":true,"href":"https:\/\/buicil.ch\/en\/wp-json\/wp\/v2\/tags?post=4449"}],"curies":[{"name":"wp","href":"https:\/\/api.w.org\/{rel}","templated":true}]}}